{"id":190,"date":"2021-06-15T11:34:10","date_gmt":"2021-06-15T09:34:10","guid":{"rendered":"https:\/\/guillemonde.family\/?p=190"},"modified":"2024-11-14T18:06:36","modified_gmt":"2024-11-14T17:06:36","slug":"mise-en-vente-de-notre-fourgon","status":"publish","type":"post","link":"https:\/\/guillemonde.family\/index.php\/2021\/06\/15\/mise-en-vente-de-notre-fourgon\/","title":{"rendered":"Turbo McQueen"},"content":{"rendered":"\n<figure class=\"wp-block-image size-large\"><img loading=\"lazy\" decoding=\"async\" width=\"768\" height=\"1024\" src=\"https:\/\/guillemonde.family\/wp-content\/uploads\/2021\/06\/IMG_20210614_194648-768x1024.jpg\" alt=\"\" class=\"wp-image-191\" srcset=\"https:\/\/guillemonde.family\/wp-content\/uploads\/2021\/06\/IMG_20210614_194648-768x1024.jpg 768w, https:\/\/guillemonde.family\/wp-content\/uploads\/2021\/06\/IMG_20210614_194648-225x300.jpg 225w, https:\/\/guillemonde.family\/wp-content\/uploads\/2021\/06\/IMG_20210614_194648-1152x1536.jpg 1152w, https:\/\/guillemonde.family\/wp-content\/uploads\/2021\/06\/IMG_20210614_194648-1536x2048.jpg 1536w, https:\/\/guillemonde.family\/wp-content\/uploads\/2021\/06\/IMG_20210614_194648-45x60.jpg 45w, https:\/\/guillemonde.family\/wp-content\/uploads\/2021\/06\/IMG_20210614_194648-scaled.jpg 1920w\" sizes=\"(max-width: 768px) 100vw, 768px\" \/><\/figure>\n\n\n\n<p>Apr\u00e8s de bons et loyaux services, nous nous s\u00e9parons de notre fourgon am\u00e9nag\u00e9, j&rsquo;ai utilis\u00e9 un minibus Ford Transit de 1998 comme base, j&rsquo;avais donc 9 places carte grise.<\/p>\n\n\n\n<figure class=\"wp-block-image size-large\"><img loading=\"lazy\" decoding=\"async\" width=\"768\" height=\"1024\" src=\"https:\/\/guillemonde.family\/wp-content\/uploads\/2021\/06\/IMG_20210614_194611-768x1024.jpg\" alt=\"\" class=\"wp-image-192\" srcset=\"https:\/\/guillemonde.family\/wp-content\/uploads\/2021\/06\/IMG_20210614_194611-768x1024.jpg 768w, https:\/\/guillemonde.family\/wp-content\/uploads\/2021\/06\/IMG_20210614_194611-225x300.jpg 225w, https:\/\/guillemonde.family\/wp-content\/uploads\/2021\/06\/IMG_20210614_194611-1152x1536.jpg 1152w, https:\/\/guillemonde.family\/wp-content\/uploads\/2021\/06\/IMG_20210614_194611-1536x2048.jpg 1536w, https:\/\/guillemonde.family\/wp-content\/uploads\/2021\/06\/IMG_20210614_194611-45x60.jpg 45w, https:\/\/guillemonde.family\/wp-content\/uploads\/2021\/06\/IMG_20210614_194611-scaled.jpg 1920w\" sizes=\"(max-width: 768px) 100vw, 768px\" \/><\/figure>\n\n\n\n<p>Vu qu&rsquo;il \u00e9tait assez haut j&rsquo;ai pu caler 2 lits doubles en parti arri\u00e8re, avec laure on rentrait dans le lit de bas, malgr\u00e9 mais 1.83m et 1??kilos. Le lit du haut n&rsquo;est plus adapt\u00e9 \u00e0 Clara avec ces 16 ans elle rentre plus dans les 1.56m du lit.<\/p>\n\n\n\n<figure class=\"wp-block-image size-large\"><img loading=\"lazy\" decoding=\"async\" width=\"768\" height=\"1024\" src=\"https:\/\/guillemonde.family\/wp-content\/uploads\/2021\/06\/IMG_20210615_104755-768x1024.jpg\" alt=\"\" class=\"wp-image-193\" srcset=\"https:\/\/guillemonde.family\/wp-content\/uploads\/2021\/06\/IMG_20210615_104755-768x1024.jpg 768w, https:\/\/guillemonde.family\/wp-content\/uploads\/2021\/06\/IMG_20210615_104755-225x300.jpg 225w, https:\/\/guillemonde.family\/wp-content\/uploads\/2021\/06\/IMG_20210615_104755-1152x1536.jpg 1152w, https:\/\/guillemonde.family\/wp-content\/uploads\/2021\/06\/IMG_20210615_104755-1536x2048.jpg 1536w, https:\/\/guillemonde.family\/wp-content\/uploads\/2021\/06\/IMG_20210615_104755-45x60.jpg 45w, https:\/\/guillemonde.family\/wp-content\/uploads\/2021\/06\/IMG_20210615_104755-scaled.jpg 1920w\" sizes=\"(max-width: 768px) 100vw, 768px\" \/><figcaption>la douche avec les WC rang\u00e9<\/figcaption><\/figure>\n\n\n\n<figure class=\"wp-block-image size-large\"><img loading=\"lazy\" decoding=\"async\" width=\"768\" height=\"1024\" src=\"https:\/\/guillemonde.family\/wp-content\/uploads\/2021\/06\/IMG_20210615_104808-768x1024.jpg\" alt=\"\" class=\"wp-image-194\" srcset=\"https:\/\/guillemonde.family\/wp-content\/uploads\/2021\/06\/IMG_20210615_104808-768x1024.jpg 768w, https:\/\/guillemonde.family\/wp-content\/uploads\/2021\/06\/IMG_20210615_104808-225x300.jpg 225w, https:\/\/guillemonde.family\/wp-content\/uploads\/2021\/06\/IMG_20210615_104808-1152x1536.jpg 1152w, https:\/\/guillemonde.family\/wp-content\/uploads\/2021\/06\/IMG_20210615_104808-1536x2048.jpg 1536w, https:\/\/guillemonde.family\/wp-content\/uploads\/2021\/06\/IMG_20210615_104808-45x60.jpg 45w, https:\/\/guillemonde.family\/wp-content\/uploads\/2021\/06\/IMG_20210615_104808-scaled.jpg 1920w\" sizes=\"(max-width: 768px) 100vw, 768px\" \/><figcaption>les toilettes seiches <\/figcaption><\/figure>\n\n\n\n<p>Une douche\/WC, bien sur ce sont des toilettes s\u00e8che (on change pas une \u00e9quipe qui gagne).<\/p>\n\n\n\n<p>Afin de pouvoir passer les contr\u00f4le technique sans difficult\u00e9, je n&rsquo;ai pas mis de coin cuisine \u00e0 proprement parl\u00e9 on utilisait une plaque induction \u00e0 poser Ikea et une bassine qui ce fixe sur l\u2019ext\u00e9rieur de la cuisine, on pouvait donc faire la cuisine et la vaisselle \u00e0 l\u2019ext\u00e9rieur. <\/p>\n\n\n\n<figure class=\"wp-block-image size-large\"><img loading=\"lazy\" decoding=\"async\" width=\"768\" height=\"1024\" src=\"https:\/\/guillemonde.family\/wp-content\/uploads\/2021\/06\/IMG_20210615_105214-768x1024.jpg\" alt=\"\" class=\"wp-image-195\" srcset=\"https:\/\/guillemonde.family\/wp-content\/uploads\/2021\/06\/IMG_20210615_105214-768x1024.jpg 768w, https:\/\/guillemonde.family\/wp-content\/uploads\/2021\/06\/IMG_20210615_105214-225x300.jpg 225w, https:\/\/guillemonde.family\/wp-content\/uploads\/2021\/06\/IMG_20210615_105214-1152x1536.jpg 1152w, https:\/\/guillemonde.family\/wp-content\/uploads\/2021\/06\/IMG_20210615_105214-1536x2048.jpg 1536w, https:\/\/guillemonde.family\/wp-content\/uploads\/2021\/06\/IMG_20210615_105214-45x60.jpg 45w, https:\/\/guillemonde.family\/wp-content\/uploads\/2021\/06\/IMG_20210615_105214-scaled.jpg 1920w\" sizes=\"(max-width: 768px) 100vw, 768px\" \/><figcaption>Laure m&rsquo;a impos\u00e9 la cafeti\u00e8re<\/figcaption><\/figure>\n\n\n\n<figure class=\"wp-block-image size-large\"><img loading=\"lazy\" decoding=\"async\" width=\"1024\" height=\"768\" src=\"https:\/\/guillemonde.family\/wp-content\/uploads\/2021\/06\/IMG_20210615_105229-1024x768.jpg\" alt=\"\" class=\"wp-image-197\" srcset=\"https:\/\/guillemonde.family\/wp-content\/uploads\/2021\/06\/IMG_20210615_105229-1024x768.jpg 1024w, https:\/\/guillemonde.family\/wp-content\/uploads\/2021\/06\/IMG_20210615_105229-300x225.jpg 300w, https:\/\/guillemonde.family\/wp-content\/uploads\/2021\/06\/IMG_20210615_105229-768x576.jpg 768w, https:\/\/guillemonde.family\/wp-content\/uploads\/2021\/06\/IMG_20210615_105229-1536x1152.jpg 1536w, https:\/\/guillemonde.family\/wp-content\/uploads\/2021\/06\/IMG_20210615_105229-2048x1536.jpg 2048w, https:\/\/guillemonde.family\/wp-content\/uploads\/2021\/06\/IMG_20210615_105229-80x60.jpg 80w\" sizes=\"(max-width: 1024px) 100vw, 1024px\" \/><\/figure>\n\n\n\n<p>Il \u00e9tait en configuration 2 places \u00e0 l&rsquo;avant, j&rsquo;ai donc pu facilement mettre les 2 si\u00e8ges pivotant ce qui permet de manger \u00e0 4 de mani\u00e8re confortable. <\/p>\n\n\n\n<figure class=\"wp-block-image size-large\"><img loading=\"lazy\" decoding=\"async\" width=\"1024\" height=\"768\" src=\"https:\/\/guillemonde.family\/wp-content\/uploads\/2021\/06\/IMG_20210614_194550-1024x768.jpg\" alt=\"\" class=\"wp-image-196\" srcset=\"https:\/\/guillemonde.family\/wp-content\/uploads\/2021\/06\/IMG_20210614_194550-1024x768.jpg 1024w, https:\/\/guillemonde.family\/wp-content\/uploads\/2021\/06\/IMG_20210614_194550-300x225.jpg 300w, https:\/\/guillemonde.family\/wp-content\/uploads\/2021\/06\/IMG_20210614_194550-768x576.jpg 768w, https:\/\/guillemonde.family\/wp-content\/uploads\/2021\/06\/IMG_20210614_194550-1536x1152.jpg 1536w, https:\/\/guillemonde.family\/wp-content\/uploads\/2021\/06\/IMG_20210614_194550-2048x1536.jpg 2048w, https:\/\/guillemonde.family\/wp-content\/uploads\/2021\/06\/IMG_20210614_194550-80x60.jpg 80w\" sizes=\"(max-width: 1024px) 100vw, 1024px\" \/><\/figure>\n\n\n\n<figure class=\"wp-block-image size-large\"><img loading=\"lazy\" decoding=\"async\" width=\"1024\" height=\"1024\" src=\"https:\/\/guillemonde.family\/wp-content\/uploads\/2021\/06\/P7260169-1024x1024.jpg\" alt=\"\" class=\"wp-image-198\" srcset=\"https:\/\/guillemonde.family\/wp-content\/uploads\/2021\/06\/P7260169-1024x1024.jpg 1024w, https:\/\/guillemonde.family\/wp-content\/uploads\/2021\/06\/P7260169-300x300.jpg 300w, https:\/\/guillemonde.family\/wp-content\/uploads\/2021\/06\/P7260169-150x150.jpg 150w, https:\/\/guillemonde.family\/wp-content\/uploads\/2021\/06\/P7260169-768x768.jpg 768w, https:\/\/guillemonde.family\/wp-content\/uploads\/2021\/06\/P7260169-1536x1536.jpg 1536w, https:\/\/guillemonde.family\/wp-content\/uploads\/2021\/06\/P7260169-2048x2048.jpg 2048w, https:\/\/guillemonde.family\/wp-content\/uploads\/2021\/06\/P7260169-60x60.jpg 60w\" sizes=\"(max-width: 1024px) 100vw, 1024px\" \/><figcaption>OLYMPUS DIGITAL CAMERA<\/figcaption><\/figure>\n\n\n\n<p>Une pompe 12V permet de ce doucher, \u00e0 l&rsquo;eau \u00e0 temp\u00e9rature ambiante, le r\u00e9servoir des eaux grises ce situ sous le ch\u00e2ssis, on peu le vider gr\u00e2ce \u00e0 une vanne.<\/p>\n\n\n\n<figure class=\"wp-block-image size-large\"><img loading=\"lazy\" decoding=\"async\" width=\"1024\" height=\"683\" src=\"https:\/\/guillemonde.family\/wp-content\/uploads\/2021\/06\/P7285111-1024x683.jpg\" alt=\"\" class=\"wp-image-199\" srcset=\"https:\/\/guillemonde.family\/wp-content\/uploads\/2021\/06\/P7285111-1024x683.jpg 1024w, https:\/\/guillemonde.family\/wp-content\/uploads\/2021\/06\/P7285111-300x200.jpg 300w, https:\/\/guillemonde.family\/wp-content\/uploads\/2021\/06\/P7285111-768x512.jpg 768w, https:\/\/guillemonde.family\/wp-content\/uploads\/2021\/06\/P7285111-1536x1024.jpg 1536w, https:\/\/guillemonde.family\/wp-content\/uploads\/2021\/06\/P7285111-2048x1365.jpg 2048w, https:\/\/guillemonde.family\/wp-content\/uploads\/2021\/06\/P7285111-90x60.jpg 90w, https:\/\/guillemonde.family\/wp-content\/uploads\/2021\/06\/P7285111-420x280.jpg 420w\" sizes=\"(max-width: 1024px) 100vw, 1024px\" \/><\/figure>\n\n\n\n<p>C&rsquo;\u00e9tait pour nous un v\u00e9hicule d&rsquo;\u00e9t\u00e9, nous n&rsquo;avions pas mis d&rsquo;isolation ni de chauffage, avec un ventilateur nous pouvions rafra\u00eechir la cellule. <\/p>\n\n\n\n<figure class=\"wp-block-image size-large\"><img loading=\"lazy\" decoding=\"async\" width=\"1024\" height=\"768\" src=\"https:\/\/guillemonde.family\/wp-content\/uploads\/2021\/06\/IMG_20210615_112544-1024x768.jpg\" alt=\"\" class=\"wp-image-200\" srcset=\"https:\/\/guillemonde.family\/wp-content\/uploads\/2021\/06\/IMG_20210615_112544-1024x768.jpg 1024w, https:\/\/guillemonde.family\/wp-content\/uploads\/2021\/06\/IMG_20210615_112544-300x225.jpg 300w, https:\/\/guillemonde.family\/wp-content\/uploads\/2021\/06\/IMG_20210615_112544-768x576.jpg 768w, https:\/\/guillemonde.family\/wp-content\/uploads\/2021\/06\/IMG_20210615_112544-1536x1152.jpg 1536w, https:\/\/guillemonde.family\/wp-content\/uploads\/2021\/06\/IMG_20210615_112544-2048x1536.jpg 2048w, https:\/\/guillemonde.family\/wp-content\/uploads\/2021\/06\/IMG_20210615_112544-80x60.jpg 80w\" sizes=\"(max-width: 1024px) 100vw, 1024px\" \/><figcaption>vu comme \u00e7a il est pas si grand!!!<\/figcaption><\/figure>\n\n\n\n<p>En esp\u00e9rant que le nouveau soit aussi vaillant.<\/p>\n\n\n\n<p>Une page ce tourne&#8230;.<\/p>\n\n\n\n<p><\/p>\n\n\n\n<figure class=\"wp-block-image size-large\"><img loading=\"lazy\" decoding=\"async\" width=\"683\" height=\"1024\" src=\"https:\/\/guillemonde.family\/wp-content\/uploads\/2021\/06\/P8035324-683x1024.jpg\" alt=\"\" class=\"wp-image-201\" srcset=\"https:\/\/guillemonde.family\/wp-content\/uploads\/2021\/06\/P8035324-683x1024.jpg 683w, https:\/\/guillemonde.family\/wp-content\/uploads\/2021\/06\/P8035324-200x300.jpg 200w, https:\/\/guillemonde.family\/wp-content\/uploads\/2021\/06\/P8035324-768x1152.jpg 768w, https:\/\/guillemonde.family\/wp-content\/uploads\/2021\/06\/P8035324-1024x1536.jpg 1024w, https:\/\/guillemonde.family\/wp-content\/uploads\/2021\/06\/P8035324-1365x2048.jpg 1365w, https:\/\/guillemonde.family\/wp-content\/uploads\/2021\/06\/P8035324-40x60.jpg 40w, https:\/\/guillemonde.family\/wp-content\/uploads\/2021\/06\/P8035324-scaled.jpg 1707w\" sizes=\"(max-width: 683px) 100vw, 683px\" \/><figcaption>OLYMPUS DIGITAL CAMERA<\/figcaption><\/figure>\n","protected":false},"excerpt":{"rendered":"<p>Apr\u00e8s de bons et loyaux services, nous nous s\u00e9parons de notre fourgon am\u00e9nag\u00e9, j&rsquo;ai utilis\u00e9 un minibus Ford Transit de 1998 comme base, j&rsquo;avais donc 9 places carte grise. Vu qu&rsquo;il \u00e9tait assez haut j&rsquo;ai pu caler 2 lits doubles en parti arri\u00e8re, avec laure on rentrait dans le lit de bas, malgr\u00e9 mais 1.83m [&hellip;]<\/p>\n","protected":false},"author":4,"featured_media":191,"comment_status":"open","ping_status":"open","sticky":false,"template":"","format":"standard","meta":{"saved_in_kubio":false,"ngg_post_thumbnail":0,"iawp_total_views":1423,"footnotes":""},"categories":[24],"tags":[],"class_list":["post-190","post","type-post","status-publish","format-standard","has-post-thumbnail","hentry","category-nos-realisations"],"_links":{"self":[{"href":"https:\/\/guillemonde.family\/index.php\/wp-json\/wp\/v2\/posts\/190","targetHints":{"allow":["GET"]}}],"collection":[{"href":"https:\/\/guillemonde.family\/index.php\/wp-json\/wp\/v2\/posts"}],"about":[{"href":"https:\/\/guillemonde.family\/index.php\/wp-json\/wp\/v2\/types\/post"}],"author":[{"embeddable":true,"href":"https:\/\/guillemonde.family\/index.php\/wp-json\/wp\/v2\/users\/4"}],"replies":[{"embeddable":true,"href":"https:\/\/guillemonde.family\/index.php\/wp-json\/wp\/v2\/comments?post=190"}],"version-history":[{"count":4,"href":"https:\/\/guillemonde.family\/index.php\/wp-json\/wp\/v2\/posts\/190\/revisions"}],"predecessor-version":[{"id":1445,"href":"https:\/\/guillemonde.family\/index.php\/wp-json\/wp\/v2\/posts\/190\/revisions\/1445"}],"wp:featuredmedia":[{"embeddable":true,"href":"https:\/\/guillemonde.family\/index.php\/wp-json\/wp\/v2\/media\/191"}],"wp:attachment":[{"href":"https:\/\/guillemonde.family\/index.php\/wp-json\/wp\/v2\/media?parent=190"}],"wp:term":[{"taxonomy":"category","embeddable":true,"href":"https:\/\/guillemonde.family\/index.php\/wp-json\/wp\/v2\/categories?post=190"},{"taxonomy":"post_tag","embeddable":true,"href":"https:\/\/guillemonde.family\/index.php\/wp-json\/wp\/v2\/tags?post=190"}],"curies":[{"name":"wp","href":"https:\/\/api.w.org\/{rel}","templated":true}]}}